{"id":58,"date":"2019-08-31T21:25:17","date_gmt":"2019-08-31T21:25:17","guid":{"rendered":"http:\/\/friedl.ragorn.at\/?p=58"},"modified":"2019-08-31T21:32:34","modified_gmt":"2019-08-31T21:32:34","slug":"vorgriff-ein-transzendentes-erlebnis","status":"publish","type":"post","link":"http:\/\/friedl.ragorn.at\/?p=58","title":{"rendered":"Vorgriff &#8211; Ein transzendentes Erlebnis"},"content":{"rendered":"\n<p>Des muas i hetz aanfoch glei niederschreiben, des holt i nit aus jetz in der Reihenfolge zu bleiben \ud83d\ude03. I bin n\u00e4mlich mit dem Tagebuch sicher 8 Tage hinten, wird wohl eher a Wochenbuch &#8211; so org wors no nie. A Guats oda a schlechtes Zeichen?<\/p>\n\n\n\n<p>Alora. Gestern, an dem geheimen Ort wo mir grod sein (wird sp\u00e4ter gel\u00fcftet \ud83d\ude1c), gemma Nachts an den gewaltigen Strand a bissl Sterndal schaugn. Es wor a traumhafter glasklarer Himmel, die Sternendecke a Wahnsinn, ka Dorf in der N\u00e4he. Mir segn nat\u00fcrlich, damit die Beschreibung nit zuwenig kitschig is, ein paar Sternschnuppen.<\/p>\n\n\n\n<p>Und des Meer, schon seit dem Abend komplett ruhig, schwappt nur ganz ganz still und heimlich vor sich hin. So heimlich, dass i unbedingt eini muas.<\/p>\n\n\n\n<p>Langsam steig i durch den Sand ins Wasser. Es pl\u00e4tschert a bissl. Am ganzen Strand wird das Wasser dort gem\u00e4chlich tiefer, ich bin so zu den Wadeln drin, da &#8211; glitzerts? H\u00e4? Schau Ingrid, die Sterne sind so intensiv, die reflektieren sich im Meer! Oder?<\/p>\n\n\n\n<p>Ich fahre ein bissl mit dem Fu\u00df durchs Wasser. Und es leuchtet. Wie Gl\u00fchw\u00fcrmchen folgt es meiner Bewegung, einen Sekundenbruchteil, und vergl\u00fcht dann wieder. Ich spritze mit dem Fu\u00df ein bissl aufs Wasser hinaus, und dort wo der Schwall landet, gl\u00fchen die neongelbgr\u00fcnen Punkte auf.<\/p>\n\n\n\n<p>I bin a bissl ausm Heisl wie du dir vorstellen kannst. Selbst jetz wo is erz\u00e4hl kriag i a Ganslhaut. Leuchtplankton? Hob schonamol davon gh\u00f6rt, oba nit wo und wie und dass i des so erleb? Bis zum Ufer? Die gonze Bucht is voll davon? Immer ausgelassener spring i im Wasser herum, um m\u00f6glichst viel zum leuchten zu bringen. So, und dann geh i schwimmen. Aussi. I glab i spinn komplett. Bei jedem Armzug folgen meinen H\u00e4nden und Armen zig gelbgr\u00fcne Gl\u00fchw\u00fcrmchen, es is kaum zu beschreiben. I tauch und mach Z\u00fcge unter Wasser, mit den Augen offen, und seh \u00fcberall die leuchtenden Schweife meinen Bewegungen folgend. <\/p>\n\n\n\n<p>Dann leg i mi aufn R\u00fccken und lass mi treiben. \u00dcber mir die Milchstra\u00dfe.<\/p>\n","protected":false},"excerpt":{"rendered":"<p>Des muas i hetz aanfoch glei niederschreiben, des holt i nit aus jetz in der Reihenfolge zu bleiben \ud83d\ude03. I bin n\u00e4mlich mit dem Tagebuch sicher 8 Tage hinten, wird wohl eher a Wochenbuch &#8211; so org wors no nie. A Guats oda a schlechtes Zeichen? Alora. Gestern, an dem geheimen Ort wo mir grod &hellip; <\/p>\n<p class=\"link-more\"><a href=\"http:\/\/friedl.ragorn.at\/?p=58\" class=\"more-link\"><span class=\"screen-reader-text\">&#8222;Vorgriff &#8211; Ein transzendentes Erlebnis&#8220;<\/span> weiterlesen<\/a><\/p>\n","protected":false},"author":1,"featured_media":0,"comment_status":"open","ping_status":"open","sticky":false,"template":"","format":"standard","meta":[],"categories":[1],"tags":[],"_links":{"self":[{"href":"http:\/\/friedl.ragorn.at\/index.php?rest_route=\/wp\/v2\/posts\/58"}],"collection":[{"href":"http:\/\/friedl.ragorn.at\/index.php?rest_route=\/wp\/v2\/posts"}],"about":[{"href":"http:\/\/friedl.ragorn.at\/index.php?rest_route=\/wp\/v2\/types\/post"}],"author":[{"embeddable":true,"href":"http:\/\/friedl.ragorn.at\/index.php?rest_route=\/wp\/v2\/users\/1"}],"replies":[{"embeddable":true,"href":"http:\/\/friedl.ragorn.at\/index.php?rest_route=%2Fwp%2Fv2%2Fcomments&post=58"}],"version-history":[{"count":4,"href":"http:\/\/friedl.ragorn.at\/index.php?rest_route=\/wp\/v2\/posts\/58\/revisions"}],"predecessor-version":[{"id":65,"href":"http:\/\/friedl.ragorn.at\/index.php?rest_route=\/wp\/v2\/posts\/58\/revisions\/65"}],"wp:attachment":[{"href":"http:\/\/friedl.ragorn.at\/index.php?rest_route=%2Fwp%2Fv2%2Fmedia&parent=58"}],"wp:term":[{"taxonomy":"category","embeddable":true,"href":"http:\/\/friedl.ragorn.at\/index.php?rest_route=%2Fwp%2Fv2%2Fcategories&post=58"},{"taxonomy":"post_tag","embeddable":true,"href":"http:\/\/friedl.ragorn.at\/index.php?rest_route=%2Fwp%2Fv2%2Ftags&post=58"}],"curies":[{"name":"wp","href":"https:\/\/api.w.org\/{rel}","templated":true}]}}