{"id":146,"date":"2019-09-19T19:48:05","date_gmt":"2019-09-19T19:48:05","guid":{"rendered":"http:\/\/friedl.ragorn.at\/?p=146"},"modified":"2019-09-19T19:52:02","modified_gmt":"2019-09-19T19:52:02","slug":"les-petit-train","status":"publish","type":"post","link":"http:\/\/friedl.ragorn.at\/?p=146","title":{"rendered":"Les Petit Train"},"content":{"rendered":"\n<figure class=\"wp-block-image\"><img loading=\"lazy\" width=\"1024\" height=\"768\" src=\"http:\/\/friedl.ragorn.at\/wp-content\/uploads\/2019\/09\/C9289132-C3E0-46A7-AA4F-96EF5D57AAAA-1024x768.jpeg\" alt=\"\" class=\"wp-image-147\" srcset=\"http:\/\/friedl.ragorn.at\/wp-content\/uploads\/2019\/09\/C9289132-C3E0-46A7-AA4F-96EF5D57AAAA-1024x768.jpeg 1024w, http:\/\/friedl.ragorn.at\/wp-content\/uploads\/2019\/09\/C9289132-C3E0-46A7-AA4F-96EF5D57AAAA-300x225.jpeg 300w, http:\/\/friedl.ragorn.at\/wp-content\/uploads\/2019\/09\/C9289132-C3E0-46A7-AA4F-96EF5D57AAAA-768x576.jpeg 768w, http:\/\/friedl.ragorn.at\/wp-content\/uploads\/2019\/09\/C9289132-C3E0-46A7-AA4F-96EF5D57AAAA-1568x1176.jpeg 1568w\" sizes=\"(max-width: 1024px) 100vw, 1024px\" \/><\/figure>\n\n\n\n<p>.. is die Schmalspurbahn de zwischen L&#8217;\u00cele-Rousse und Calvi verkehrt, an der K\u00fcste entlang, und bei jedem Strand stehn bleibt. Da kannst dann aussteigen wo&#8217;s dir eben gef\u00e4llt, Baden gehen, und mit dem \u00fcbern\u00e4chsten Zug weiterfahren, und so. Alt und wackelig und gem\u00fctlich, und wenns hei\u00df is lassen Sie die T\u00fcren offen und so, wildromantisch hat uns das das schlaue Buch und auch so mancher Gespr\u00e4chspartner beschrieben.<\/p>\n\n\n\n<p>Und gewesen ists dann aber eigentlich nur ein ranziger \u00fcberf\u00fcllter Zug zum drinnenstehen, gar nicht so alt, aber stinkend und aus Plastik, keine Spur von viel Frischluft, in Gegenteil du hast nicht einmal die Fenster ganz aufmachen k\u00f6nnen. Ein riesen G&#8217;riss beim Einsteigen.<\/p>\n\n\n\n<p>Und die Str\u00e4nde auch eher Dings, wie soll ich sagen &#8211; wir waren jetzt halt schon ein bissl verw\u00f6hnt. Weder besonders geil, noch einsam, also wohl das touristischste was uns bis jetzt untergekommen ist. Wir sind gleich bis Calvi gefahren (45min), weil zwischen die aufgereihten Sonnenschirme wollten wir nicht.<\/p>\n\n\n\n<p>Die Stadt war jetzt schon sch\u00f6n da gibt&#8217;s nix. A poar Gsch\u00e4fteln, a kultige Zitadelle &#8230; Am Nachmittag ist dann aber die Badelust gekommen, nur wollt ma nit direkt in Calvi, sondern wenn geht irgendwo am Weg. So, jetz der Zug aber NOCH voller als beim hinfahren, haben wir uns irgendwo zwischen den Waggons hingekauert, und die Kleine nat\u00fcrlich am Scho\u00df eingeschlafen. Wollen wir sie jetzt wirklich in der Nachmittagshitze irgendwo aufwecken, noch dazu wo&#8217;s uns nicht einmal sonderlich gef\u00e4llt, damit sie hunderte Meter zwischen zig Leuten zum Strand hadscht, f\u00fcr 2 Stunden Baden (weil dann geht der letzte Zug nach L&#8217;\u00cele-Rousse)? Dann doch lieber gleich zum Campingplatz und am Plage d&#8217;Ostriconi bleiben bis zum Abend &#8230;<\/p>\n\n\n\n<figure class=\"wp-block-image\"><img loading=\"lazy\" width=\"1024\" height=\"481\" src=\"http:\/\/friedl.ragorn.at\/wp-content\/uploads\/2019\/09\/2CAB5FA1-D87F-4414-8F58-69635FF7B1B2-1024x481.jpeg\" alt=\"\" class=\"wp-image-150\" srcset=\"http:\/\/friedl.ragorn.at\/wp-content\/uploads\/2019\/09\/2CAB5FA1-D87F-4414-8F58-69635FF7B1B2-1024x481.jpeg 1024w, http:\/\/friedl.ragorn.at\/wp-content\/uploads\/2019\/09\/2CAB5FA1-D87F-4414-8F58-69635FF7B1B2-300x141.jpeg 300w, http:\/\/friedl.ragorn.at\/wp-content\/uploads\/2019\/09\/2CAB5FA1-D87F-4414-8F58-69635FF7B1B2-768x361.jpeg 768w, http:\/\/friedl.ragorn.at\/wp-content\/uploads\/2019\/09\/2CAB5FA1-D87F-4414-8F58-69635FF7B1B2-1568x736.jpeg 1568w\" sizes=\"(max-width: 1024px) 100vw, 1024px\" \/><figcaption>\u00dcberraschungsplatzl<\/figcaption><\/figure>\n\n\n\n<figure class=\"wp-block-image\"><img loading=\"lazy\" width=\"1024\" height=\"768\" src=\"http:\/\/friedl.ragorn.at\/wp-content\/uploads\/2019\/09\/83E3BE47-5889-4858-AF5E-2839B3C9FC34-1024x768.jpeg\" alt=\"\" class=\"wp-image-149\" srcset=\"http:\/\/friedl.ragorn.at\/wp-content\/uploads\/2019\/09\/83E3BE47-5889-4858-AF5E-2839B3C9FC34-1024x768.jpeg 1024w, http:\/\/friedl.ragorn.at\/wp-content\/uploads\/2019\/09\/83E3BE47-5889-4858-AF5E-2839B3C9FC34-300x225.jpeg 300w, http:\/\/friedl.ragorn.at\/wp-content\/uploads\/2019\/09\/83E3BE47-5889-4858-AF5E-2839B3C9FC34-768x576.jpeg 768w, http:\/\/friedl.ragorn.at\/wp-content\/uploads\/2019\/09\/83E3BE47-5889-4858-AF5E-2839B3C9FC34-1568x1176.jpeg 1568w\" sizes=\"(max-width: 1024px) 100vw, 1024px\" \/><\/figure>\n\n\n\n<figure class=\"wp-block-image\"><img loading=\"lazy\" width=\"1024\" height=\"768\" src=\"http:\/\/friedl.ragorn.at\/wp-content\/uploads\/2019\/09\/CE460831-D7D9-43C3-8AAC-83D26BD7589A-1024x768.jpeg\" alt=\"\" class=\"wp-image-151\" srcset=\"http:\/\/friedl.ragorn.at\/wp-content\/uploads\/2019\/09\/CE460831-D7D9-43C3-8AAC-83D26BD7589A-1024x768.jpeg 1024w, http:\/\/friedl.ragorn.at\/wp-content\/uploads\/2019\/09\/CE460831-D7D9-43C3-8AAC-83D26BD7589A-300x225.jpeg 300w, http:\/\/friedl.ragorn.at\/wp-content\/uploads\/2019\/09\/CE460831-D7D9-43C3-8AAC-83D26BD7589A-768x576.jpeg 768w, http:\/\/friedl.ragorn.at\/wp-content\/uploads\/2019\/09\/CE460831-D7D9-43C3-8AAC-83D26BD7589A-1568x1176.jpeg 1568w\" sizes=\"(max-width: 1024px) 100vw, 1024px\" \/><\/figure>\n\n\n\n<figure class=\"wp-block-image\"><img loading=\"lazy\" width=\"1024\" height=\"768\" src=\"http:\/\/friedl.ragorn.at\/wp-content\/uploads\/2019\/09\/3A787029-E4B5-4F1F-987C-E655D915D248-1024x768.jpeg\" alt=\"\" class=\"wp-image-152\" srcset=\"http:\/\/friedl.ragorn.at\/wp-content\/uploads\/2019\/09\/3A787029-E4B5-4F1F-987C-E655D915D248-1024x768.jpeg 1024w, http:\/\/friedl.ragorn.at\/wp-content\/uploads\/2019\/09\/3A787029-E4B5-4F1F-987C-E655D915D248-300x225.jpeg 300w, http:\/\/friedl.ragorn.at\/wp-content\/uploads\/2019\/09\/3A787029-E4B5-4F1F-987C-E655D915D248-768x576.jpeg 768w, http:\/\/friedl.ragorn.at\/wp-content\/uploads\/2019\/09\/3A787029-E4B5-4F1F-987C-E655D915D248-1568x1176.jpeg 1568w\" sizes=\"(max-width: 1024px) 100vw, 1024px\" \/><\/figure>\n\n\n\n<figure class=\"wp-block-image\"><img loading=\"lazy\" width=\"1024\" height=\"768\" src=\"http:\/\/friedl.ragorn.at\/wp-content\/uploads\/2019\/09\/89154BD0-D643-4083-89DE-C7F30AC1DA95-1024x768.jpeg\" alt=\"\" class=\"wp-image-153\" srcset=\"http:\/\/friedl.ragorn.at\/wp-content\/uploads\/2019\/09\/89154BD0-D643-4083-89DE-C7F30AC1DA95-1024x768.jpeg 1024w, http:\/\/friedl.ragorn.at\/wp-content\/uploads\/2019\/09\/89154BD0-D643-4083-89DE-C7F30AC1DA95-300x225.jpeg 300w, http:\/\/friedl.ragorn.at\/wp-content\/uploads\/2019\/09\/89154BD0-D643-4083-89DE-C7F30AC1DA95-768x576.jpeg 768w, http:\/\/friedl.ragorn.at\/wp-content\/uploads\/2019\/09\/89154BD0-D643-4083-89DE-C7F30AC1DA95-1568x1176.jpeg 1568w\" sizes=\"(max-width: 1024px) 100vw, 1024px\" \/><\/figure>\n\n\n\n<figure class=\"wp-block-image\"><img loading=\"lazy\" width=\"1024\" height=\"768\" src=\"http:\/\/friedl.ragorn.at\/wp-content\/uploads\/2019\/09\/51D30587-2143-4A9B-BF43-441125142E1F-1024x768.jpeg\" alt=\"\" class=\"wp-image-154\" srcset=\"http:\/\/friedl.ragorn.at\/wp-content\/uploads\/2019\/09\/51D30587-2143-4A9B-BF43-441125142E1F-1024x768.jpeg 1024w, http:\/\/friedl.ragorn.at\/wp-content\/uploads\/2019\/09\/51D30587-2143-4A9B-BF43-441125142E1F-300x225.jpeg 300w, http:\/\/friedl.ragorn.at\/wp-content\/uploads\/2019\/09\/51D30587-2143-4A9B-BF43-441125142E1F-768x576.jpeg 768w, http:\/\/friedl.ragorn.at\/wp-content\/uploads\/2019\/09\/51D30587-2143-4A9B-BF43-441125142E1F-1568x1176.jpeg 1568w\" sizes=\"(max-width: 1024px) 100vw, 1024px\" \/><\/figure>\n\n\n\n<figure class=\"wp-block-image\"><img loading=\"lazy\" width=\"1024\" height=\"768\" src=\"http:\/\/friedl.ragorn.at\/wp-content\/uploads\/2019\/09\/82150ADE-F15B-40EF-865D-5A16D8729973-1024x768.jpeg\" alt=\"\" class=\"wp-image-155\" srcset=\"http:\/\/friedl.ragorn.at\/wp-content\/uploads\/2019\/09\/82150ADE-F15B-40EF-865D-5A16D8729973-1024x768.jpeg 1024w, http:\/\/friedl.ragorn.at\/wp-content\/uploads\/2019\/09\/82150ADE-F15B-40EF-865D-5A16D8729973-300x225.jpeg 300w, http:\/\/friedl.ragorn.at\/wp-content\/uploads\/2019\/09\/82150ADE-F15B-40EF-865D-5A16D8729973-768x576.jpeg 768w, http:\/\/friedl.ragorn.at\/wp-content\/uploads\/2019\/09\/82150ADE-F15B-40EF-865D-5A16D8729973-1568x1176.jpeg 1568w\" sizes=\"(max-width: 1024px) 100vw, 1024px\" \/><figcaption>Plage d&#8217;Ostriconi <\/figcaption><\/figure>\n\n\n\n<p><\/p>\n","protected":false},"excerpt":{"rendered":"<p>.. is die Schmalspurbahn de zwischen L&#8217;\u00cele-Rousse und Calvi verkehrt, an der K\u00fcste entlang, und bei jedem Strand stehn bleibt. Da kannst dann aussteigen wo&#8217;s dir eben gef\u00e4llt, Baden gehen, und mit dem \u00fcbern\u00e4chsten Zug weiterfahren, und so. Alt und wackelig und gem\u00fctlich, und wenns hei\u00df is lassen Sie die T\u00fcren offen und so, wildromantisch &hellip; <\/p>\n<p class=\"link-more\"><a href=\"http:\/\/friedl.ragorn.at\/?p=146\" class=\"more-link\"><span class=\"screen-reader-text\">&#8222;Les Petit Train&#8220;<\/span> weiterlesen<\/a><\/p>\n","protected":false},"author":1,"featured_media":0,"comment_status":"open","ping_status":"open","sticky":false,"template":"","format":"standard","meta":[],"categories":[1],"tags":[],"_links":{"self":[{"href":"http:\/\/friedl.ragorn.at\/index.php?rest_route=\/wp\/v2\/posts\/146"}],"collection":[{"href":"http:\/\/friedl.ragorn.at\/index.php?rest_route=\/wp\/v2\/posts"}],"about":[{"href":"http:\/\/friedl.ragorn.at\/index.php?rest_route=\/wp\/v2\/types\/post"}],"author":[{"embeddable":true,"href":"http:\/\/friedl.ragorn.at\/index.php?rest_route=\/wp\/v2\/users\/1"}],"replies":[{"embeddable":true,"href":"http:\/\/friedl.ragorn.at\/index.php?rest_route=%2Fwp%2Fv2%2Fcomments&post=146"}],"version-history":[{"count":2,"href":"http:\/\/friedl.ragorn.at\/index.php?rest_route=\/wp\/v2\/posts\/146\/revisions"}],"predecessor-version":[{"id":157,"href":"http:\/\/friedl.ragorn.at\/index.php?rest_route=\/wp\/v2\/posts\/146\/revisions\/157"}],"wp:attachment":[{"href":"http:\/\/friedl.ragorn.at\/index.php?rest_route=%2Fwp%2Fv2%2Fmedia&parent=146"}],"wp:term":[{"taxonomy":"category","embeddable":true,"href":"http:\/\/friedl.ragorn.at\/index.php?rest_route=%2Fwp%2Fv2%2Fcategories&post=146"},{"taxonomy":"post_tag","embeddable":true,"href":"http:\/\/friedl.ragorn.at\/index.php?rest_route=%2Fwp%2Fv2%2Ftags&post=146"}],"curies":[{"name":"wp","href":"https:\/\/api.w.org\/{rel}","templated":true}]}}